{"id":15056,"date":"2023-09-14T00:00:00","date_gmt":"2023-09-13T22:00:00","guid":{"rendered":"https:\/\/www.maremmasanssouci.it\/non-classifiee\/mer-et-nature-les-vacances-parfaites-en-maremme\/"},"modified":"2025-05-26T18:29:36","modified_gmt":"2025-05-26T16:29:36","slug":"mer-et-nature-les-vacances-parfaites-en-maremme","status":"publish","type":"post","link":"https:\/\/www.maremmasanssouci.it\/fr\/vacances-en-maremme-au-bord-de-la-mer\/mer-et-nature-les-vacances-parfaites-en-maremme\/","title":{"rendered":"Mer et nature, les vacances parfaites en Maremme"},"content":{"rendered":"<h2 class=\"descrizione\">Le Camping Maremma Sans Souci est la solution parfaite si vous cherchez un endroit pour vous d\u00e9connecter de la routine et de l&rsquo;agitation quotidienne. Immerg\u00e9s dans une pin\u00e8de verdoyante \u00e0 deux pas de la plage, vous aurez l&rsquo;occasion de vivre des moments inoubliables.<\/h2>\n<p><img decoding=\"async\" class=\"alignnone size-full\" src=\"https:\/\/www.maremmasanssouci.it\/wp-content\/uploads\/2025\/01\/DJI_0326-30.jpg\" alt=\"Escursioni in barca - Camping Village Maremma Sans Souci\" \/><br \/>\n<em>Excursions en bateau &#8211; Camping Village Maremma Sans Souci<\/em><\/p>\n<h3>Les Maison Chic, nos maisons mobiles<\/h3>\n<p>Nos Maison Chic sont la solution parfaite pour passer quelques jours de vacances au bord de la mer en camping. Immerg\u00e9es dans une pin\u00e8de verdoyante et \u00e9quip\u00e9es de tous les <strong>conforts<\/strong> pour rendre votre s\u00e9jour inoubliable. Elles peuvent accueillir jusqu&rsquo;\u00e0 cinq personnes et sont compos\u00e9es de deux chambres \u00e0 coucher, une double et une triple, deux salles de bains dont une avec douche, un coin cuisine \u00e9quip\u00e9, un salon avec t\u00e9l\u00e9vision et climatisation, et une v\u00e9randa ext\u00e9rieure avec table et chaises.<\/p>\n<p>\u00c0 l&rsquo;int\u00e9rieur de notre camping, le <strong>restaurant Mama<\/strong> est \u00e0 votre disposition, offrant une cuisine typique toscane et maremmienne, d&rsquo;excellents plats pr\u00e9par\u00e9s avec des ingr\u00e9dients simples et locaux pour vous donner l&rsquo;opportunit\u00e9 de d\u00e9couvrir les d\u00e9lices gastronomiques de la Maremme. Bien s\u00fbr, \u00e0 accompagner avec un excellent verre de vin, vous trouverez de nombreux vins locaux dans notre cave s\u00e9lectionn\u00e9e.<\/p>\n<h3>Sports aquatiques avec instructeur<\/h3>\n<p>Si vous aimez les sports nautiques, vous \u00eates au bon endroit. Une mer cristalline et des conditions de vent optimales rendent la pratique du surf, du windsurf, du kitesurf, de la voile, ou du wing foil facilement accessible. Les <strong>instructeurs<\/strong> de PKS, l&rsquo;une des principales \u00e9coles de sports de glisse sur l&rsquo;eau, seront heureux de vous accompagner. Il est possible de prendre des le\u00e7ons priv\u00e9es, individuelles ou en groupe, pour d\u00e9butants ou experts.<\/p>\n<p>Si vous pr\u00e9f\u00e9rez des <strong>sports <\/strong>nautiques plus calmes, vous pouvez louer une planche de paddle, un cano\u00eb et explorer doucement ce tron\u00e7on de c\u00f4te, d\u00e9couvrir des criques et de petites plages pr\u00e9serv\u00e9es o\u00f9 la nature r\u00e8gne en ma\u00eetre et o\u00f9 vous pourrez profiter de paysages \u00e9poustouflants.<\/p>\n<h3>Excursions en bateau le long de la c\u00f4te<\/h3>\n<p>Et si vous aimez l&rsquo;eau mais sans trop d&rsquo;effort, alors vous pouvez simplement louer un bateau et d\u00e9couvrir les \u00eeles et les petits \u00eelots, ou les fantastiques \u00eeles de l&rsquo;archipel toscan. Vous pouvez louer l&rsquo;Enjoy One, amarr\u00e9e dans le port de<strong> Castiglione della Pescaia<\/strong>, un bateau de sport de onze m\u00e8tres, parfait pour accueillir jusqu&rsquo;\u00e0 huit personnes. La location comprend le skipper qui vous guidera \u00e0 la d\u00e9couverte de ce fascinant tron\u00e7on de c\u00f4te.<\/p>\n<p>L&rsquo;excursion est journali\u00e8re et vous pouvez choisir entre <strong>deux itin\u00e9raires<\/strong> : un court qui comprend Punta Rocchette, <strong>Cala Violina<\/strong>, l&rsquo;Isola dello Sparviero et les Formiche di Grosseto. L&rsquo;itin\u00e9raire plus long inclut quant \u00e0 lui l&rsquo;Isola del <strong>Giglio<\/strong>, l&rsquo;Isola d&rsquo;Elba et l&rsquo;isolotto di Cerboli. Si vous souhaitez un itin\u00e9raire diff\u00e9rent, contactez-nous et nous serons ravis de planifier une excursion adapt\u00e9e \u00e0 vos besoins.<\/p>\n<p>Ne manquez pas l&rsquo;occasion de d\u00e9couvrir cette merveilleuse r\u00e9gion, r\u00e9servez d\u00e8s maintenant vos vacances au Camping Village Maremma Sans Souci.<\/p>\n","protected":false},"excerpt":{"rendered":"<p>Le Camping Maremma Sans Souci est la solution parfaite si vous cherchez un endroit pour vous d\u00e9connecter de la routine et de l&rsquo;agitation quotidienne. Immerg\u00e9s dans une pin\u00e8de verdoyante \u00e0 deux pas de la plage, vous aurez l&rsquo;occasion de vivre des moments inoubliables. Excursions en bateau &#8211; Camping Village Maremma Sans Souci Les Maison Chic, &#8230;<\/p>\n","protected":false},"author":1,"featured_media":15062,"comment_status":"closed","ping_status":"closed","sticky":false,"template":"","format":"standard","meta":{"inline_featured_image":false,"loftocean_post_format_gallery":"","loftocean_post_format_gallery_ids":"","loftocean_post_format_gallery_urls":"","loftocean_post_format_video_id":0,"loftocean_post_format_video_url":"","loftocean_post_format_video_type":"","loftocean_post_format_video":"","loftocean_post_format_audio_type":"","loftocean_post_format_audio_url":"","loftocean_post_format_audio_id":0,"loftocean_post_format_audio":"","loftocean-like-count":0,"cozystay_single_post_hide_site_header":"","cozystay_single_post_site_header_source":"","cozystay_single_post_custom_site_header":"0","cozystay_single_post_custom_sticky_site_header":"0","cozystay_single_post_hide_page_title":"","cozystay_single_post_site_footer_hide_main":"","cozystay_single_custom_site_footer_main_source":"","cozystay_single_custom_site_footer_main":"0","cozystay_single_post_site_footer_hide_above":"","cozystay_single_custom_site_footer_above_source":"","cozystay_single_custom_site_footer_above":"0","cozystay_single_post_site_footer_hide_instagram":"","cozystay_single_post_site_footer_hide_bottom":"","cozystay_single_custom_mobile_menu_source":"","cozystay_single_custom_mobile_menu":"0","cozystay_single_custom_mobile_menu_animation":"","cozystay_single_custom_mobile_menu_width":"","cozystay_single_custom_mobile_menu_custom_width":375,"cozystay_single_post_template":"","footnotes":""},"categories":[109],"tags":[],"class_list":["post-15056","post","type-post","status-publish","format-standard","has-post-thumbnail","hentry","category-vacances-en-maremme-au-bord-de-la-mer"],"yoast_head":"<!-- This site is optimized with the Yoast SEO plugin v27.5 - https:\/\/yoast.com\/product\/yoast-seo-wordpress\/ -->\n<title>Mer et nature, les vacances parfaites en Maremme - Maremma Sans Souci<\/title>\n<meta name=\"description\" content=\"Le Camping Maremma Sans Souci est la solution parfaite si vous cherchez un endroit pour vous d\u00e9connecter de la routine et de l&#039;agitation quotidienne. Immerg\u00e9s dans une pin\u00e8de verdoyante \u00e0 deux pas de la plage, vous aurez l&#039;occasion de vivre des moments inoubliables.\" \/>\n<meta name=\"robots\" content=\"index, follow, max-snippet:-1, max-image-preview:large, max-video-preview:-1\" \/>\n<link rel=\"canonical\" href=\"https:\/\/www.maremmasanssouci.it\/fr\/vacances-en-maremme-au-bord-de-la-mer\/mer-et-nature-les-vacances-parfaites-en-maremme\/\" \/>\n<meta property=\"og:locale\" content=\"fr_FR\" \/>\n<meta property=\"og:type\" content=\"article\" \/>\n<meta property=\"og:title\" content=\"Mer et nature, les vacances parfaites en Maremme - Maremma Sans Souci\" \/>\n<meta property=\"og:description\" content=\"Le Camping Maremma Sans Souci est la solution parfaite si vous cherchez un endroit pour vous d\u00e9connecter de la routine et de l&#039;agitation quotidienne. Immerg\u00e9s dans une pin\u00e8de verdoyante \u00e0 deux pas de la plage, vous aurez l&#039;occasion de vivre des moments inoubliables.\" \/>\n<meta property=\"og:url\" content=\"https:\/\/www.maremmasanssouci.it\/fr\/vacances-en-maremme-au-bord-de-la-mer\/mer-et-nature-les-vacances-parfaites-en-maremme\/\" \/>\n<meta property=\"og:site_name\" content=\"Maremma Sans Souci\" \/>\n<meta property=\"article:published_time\" content=\"2023-09-13T22:00:00+00:00\" \/>\n<meta property=\"article:modified_time\" content=\"2025-05-26T16:29:36+00:00\" \/>\n<meta property=\"og:image\" content=\"https:\/\/www.maremmasanssouci.it\/wp-content\/uploads\/2025\/01\/DJI_0326-31.jpg\" \/>\n\t<meta property=\"og:image:width\" content=\"1920\" \/>\n\t<meta property=\"og:image:height\" content=\"1080\" \/>\n\t<meta property=\"og:image:type\" content=\"image\/jpeg\" \/>\n<meta name=\"author\" content=\"inconcreto\" \/>\n<meta name=\"twitter:card\" content=\"summary_large_image\" \/>\n<script type=\"application\/ld+json\" class=\"yoast-schema-graph\">{\"@context\":\"https:\\\/\\\/schema.org\",\"@graph\":[{\"@type\":\"Article\",\"@id\":\"https:\\\/\\\/www.maremmasanssouci.it\\\/fr\\\/vacances-en-maremme-au-bord-de-la-mer\\\/mer-et-nature-les-vacances-parfaites-en-maremme\\\/#article\",\"isPartOf\":{\"@id\":\"https:\\\/\\\/www.maremmasanssouci.it\\\/fr\\\/vacances-en-maremme-au-bord-de-la-mer\\\/mer-et-nature-les-vacances-parfaites-en-maremme\\\/\"},\"author\":{\"name\":\"inconcreto\",\"@id\":\"https:\\\/\\\/www.maremmasanssouci.it\\\/fr\\\/#\\\/schema\\\/person\\\/a67d33e15d70f332e480eeab276b6f86\"},\"headline\":\"Mer et nature, les vacances parfaites en Maremme\",\"datePublished\":\"2023-09-13T22:00:00+00:00\",\"dateModified\":\"2025-05-26T16:29:36+00:00\",\"mainEntityOfPage\":{\"@id\":\"https:\\\/\\\/www.maremmasanssouci.it\\\/fr\\\/vacances-en-maremme-au-bord-de-la-mer\\\/mer-et-nature-les-vacances-parfaites-en-maremme\\\/\"},\"wordCount\":554,\"publisher\":{\"@id\":\"https:\\\/\\\/www.maremmasanssouci.it\\\/fr\\\/#organization\"},\"image\":{\"@id\":\"https:\\\/\\\/www.maremmasanssouci.it\\\/fr\\\/vacances-en-maremme-au-bord-de-la-mer\\\/mer-et-nature-les-vacances-parfaites-en-maremme\\\/#primaryimage\"},\"thumbnailUrl\":\"https:\\\/\\\/www.maremmasanssouci.it\\\/wp-content\\\/uploads\\\/2025\\\/01\\\/DJI_0326-31.jpg\",\"articleSection\":[\"Vacances en Maremme au bord de la mer\"],\"inLanguage\":\"fr-FR\"},{\"@type\":\"WebPage\",\"@id\":\"https:\\\/\\\/www.maremmasanssouci.it\\\/fr\\\/vacances-en-maremme-au-bord-de-la-mer\\\/mer-et-nature-les-vacances-parfaites-en-maremme\\\/\",\"url\":\"https:\\\/\\\/www.maremmasanssouci.it\\\/fr\\\/vacances-en-maremme-au-bord-de-la-mer\\\/mer-et-nature-les-vacances-parfaites-en-maremme\\\/\",\"name\":\"Mer et nature, les vacances parfaites en Maremme - Maremma Sans Souci\",\"isPartOf\":{\"@id\":\"https:\\\/\\\/www.maremmasanssouci.it\\\/fr\\\/#website\"},\"primaryImageOfPage\":{\"@id\":\"https:\\\/\\\/www.maremmasanssouci.it\\\/fr\\\/vacances-en-maremme-au-bord-de-la-mer\\\/mer-et-nature-les-vacances-parfaites-en-maremme\\\/#primaryimage\"},\"image\":{\"@id\":\"https:\\\/\\\/www.maremmasanssouci.it\\\/fr\\\/vacances-en-maremme-au-bord-de-la-mer\\\/mer-et-nature-les-vacances-parfaites-en-maremme\\\/#primaryimage\"},\"thumbnailUrl\":\"https:\\\/\\\/www.maremmasanssouci.it\\\/wp-content\\\/uploads\\\/2025\\\/01\\\/DJI_0326-31.jpg\",\"datePublished\":\"2023-09-13T22:00:00+00:00\",\"dateModified\":\"2025-05-26T16:29:36+00:00\",\"description\":\"Le Camping Maremma Sans Souci est la solution parfaite si vous cherchez un endroit pour vous d\u00e9connecter de la routine et de l'agitation quotidienne. Immerg\u00e9s dans une pin\u00e8de verdoyante \u00e0 deux pas de la plage, vous aurez l'occasion de vivre des moments inoubliables.\",\"breadcrumb\":{\"@id\":\"https:\\\/\\\/www.maremmasanssouci.it\\\/fr\\\/vacances-en-maremme-au-bord-de-la-mer\\\/mer-et-nature-les-vacances-parfaites-en-maremme\\\/#breadcrumb\"},\"inLanguage\":\"fr-FR\",\"potentialAction\":[{\"@type\":\"ReadAction\",\"target\":[\"https:\\\/\\\/www.maremmasanssouci.it\\\/fr\\\/vacances-en-maremme-au-bord-de-la-mer\\\/mer-et-nature-les-vacances-parfaites-en-maremme\\\/\"]}]},{\"@type\":\"ImageObject\",\"inLanguage\":\"fr-FR\",\"@id\":\"https:\\\/\\\/www.maremmasanssouci.it\\\/fr\\\/vacances-en-maremme-au-bord-de-la-mer\\\/mer-et-nature-les-vacances-parfaites-en-maremme\\\/#primaryimage\",\"url\":\"https:\\\/\\\/www.maremmasanssouci.it\\\/wp-content\\\/uploads\\\/2025\\\/01\\\/DJI_0326-31.jpg\",\"contentUrl\":\"https:\\\/\\\/www.maremmasanssouci.it\\\/wp-content\\\/uploads\\\/2025\\\/01\\\/DJI_0326-31.jpg\",\"width\":1920,\"height\":1080},{\"@type\":\"BreadcrumbList\",\"@id\":\"https:\\\/\\\/www.maremmasanssouci.it\\\/fr\\\/vacances-en-maremme-au-bord-de-la-mer\\\/mer-et-nature-les-vacances-parfaites-en-maremme\\\/#breadcrumb\",\"itemListElement\":[{\"@type\":\"ListItem\",\"position\":1,\"name\":\"Home\",\"item\":\"https:\\\/\\\/www.maremmasanssouci.it\\\/fr\\\/\"},{\"@type\":\"ListItem\",\"position\":2,\"name\":\"Mer et nature, les vacances parfaites en Maremme\"}]},{\"@type\":\"WebSite\",\"@id\":\"https:\\\/\\\/www.maremmasanssouci.it\\\/fr\\\/#website\",\"url\":\"https:\\\/\\\/www.maremmasanssouci.it\\\/fr\\\/\",\"name\":\"Maremma Sans Souci\",\"description\":\"Un soggiorno in campeggio a contatto con la natura a Castiglione della Pescaia. Tutto il comfort che cerchi nel cuore della Maremma, a due passi dal mare\",\"publisher\":{\"@id\":\"https:\\\/\\\/www.maremmasanssouci.it\\\/fr\\\/#organization\"},\"potentialAction\":[{\"@type\":\"SearchAction\",\"target\":{\"@type\":\"EntryPoint\",\"urlTemplate\":\"https:\\\/\\\/www.maremmasanssouci.it\\\/fr\\\/?s={search_term_string}\"},\"query-input\":{\"@type\":\"PropertyValueSpecification\",\"valueRequired\":true,\"valueName\":\"search_term_string\"}}],\"inLanguage\":\"fr-FR\"},{\"@type\":\"Organization\",\"@id\":\"https:\\\/\\\/www.maremmasanssouci.it\\\/fr\\\/#organization\",\"name\":\"Maremma Sans Souci\",\"url\":\"https:\\\/\\\/www.maremmasanssouci.it\\\/fr\\\/\",\"logo\":{\"@type\":\"ImageObject\",\"inLanguage\":\"fr-FR\",\"@id\":\"https:\\\/\\\/www.maremmasanssouci.it\\\/fr\\\/#\\\/schema\\\/logo\\\/image\\\/\",\"url\":\"https:\\\/\\\/www.maremmasanssouci.it\\\/wp-content\\\/uploads\\\/2025\\\/05\\\/logo-mobile-header-mss.svg\",\"contentUrl\":\"https:\\\/\\\/www.maremmasanssouci.it\\\/wp-content\\\/uploads\\\/2025\\\/05\\\/logo-mobile-header-mss.svg\",\"width\":2488,\"height\":750,\"caption\":\"Maremma Sans Souci\"},\"image\":{\"@id\":\"https:\\\/\\\/www.maremmasanssouci.it\\\/fr\\\/#\\\/schema\\\/logo\\\/image\\\/\"}},{\"@type\":\"Person\",\"@id\":\"https:\\\/\\\/www.maremmasanssouci.it\\\/fr\\\/#\\\/schema\\\/person\\\/a67d33e15d70f332e480eeab276b6f86\",\"name\":\"inconcreto\",\"sameAs\":[\"https:\\\/\\\/www.maremmasanssouci.it\"]}]}<\/script>\n<!-- \/ Yoast SEO plugin. -->","yoast_head_json":{"title":"Mer et nature, les vacances parfaites en Maremme - Maremma Sans Souci","description":"Le Camping Maremma Sans Souci est la solution parfaite si vous cherchez un endroit pour vous d\u00e9connecter de la routine et de l'agitation quotidienne. Immerg\u00e9s dans une pin\u00e8de verdoyante \u00e0 deux pas de la plage, vous aurez l'occasion de vivre des moments inoubliables.","robots":{"index":"index","follow":"follow","max-snippet":"max-snippet:-1","max-image-preview":"max-image-preview:large","max-video-preview":"max-video-preview:-1"},"canonical":"https:\/\/www.maremmasanssouci.it\/fr\/vacances-en-maremme-au-bord-de-la-mer\/mer-et-nature-les-vacances-parfaites-en-maremme\/","og_locale":"fr_FR","og_type":"article","og_title":"Mer et nature, les vacances parfaites en Maremme - Maremma Sans Souci","og_description":"Le Camping Maremma Sans Souci est la solution parfaite si vous cherchez un endroit pour vous d\u00e9connecter de la routine et de l'agitation quotidienne. Immerg\u00e9s dans une pin\u00e8de verdoyante \u00e0 deux pas de la plage, vous aurez l'occasion de vivre des moments inoubliables.","og_url":"https:\/\/www.maremmasanssouci.it\/fr\/vacances-en-maremme-au-bord-de-la-mer\/mer-et-nature-les-vacances-parfaites-en-maremme\/","og_site_name":"Maremma Sans Souci","article_published_time":"2023-09-13T22:00:00+00:00","article_modified_time":"2025-05-26T16:29:36+00:00","og_image":[{"width":1920,"height":1080,"url":"https:\/\/www.maremmasanssouci.it\/wp-content\/uploads\/2025\/01\/DJI_0326-31.jpg","type":"image\/jpeg"}],"author":"inconcreto","twitter_card":"summary_large_image","schema":{"@context":"https:\/\/schema.org","@graph":[{"@type":"Article","@id":"https:\/\/www.maremmasanssouci.it\/fr\/vacances-en-maremme-au-bord-de-la-mer\/mer-et-nature-les-vacances-parfaites-en-maremme\/#article","isPartOf":{"@id":"https:\/\/www.maremmasanssouci.it\/fr\/vacances-en-maremme-au-bord-de-la-mer\/mer-et-nature-les-vacances-parfaites-en-maremme\/"},"author":{"name":"inconcreto","@id":"https:\/\/www.maremmasanssouci.it\/fr\/#\/schema\/person\/a67d33e15d70f332e480eeab276b6f86"},"headline":"Mer et nature, les vacances parfaites en Maremme","datePublished":"2023-09-13T22:00:00+00:00","dateModified":"2025-05-26T16:29:36+00:00","mainEntityOfPage":{"@id":"https:\/\/www.maremmasanssouci.it\/fr\/vacances-en-maremme-au-bord-de-la-mer\/mer-et-nature-les-vacances-parfaites-en-maremme\/"},"wordCount":554,"publisher":{"@id":"https:\/\/www.maremmasanssouci.it\/fr\/#organization"},"image":{"@id":"https:\/\/www.maremmasanssouci.it\/fr\/vacances-en-maremme-au-bord-de-la-mer\/mer-et-nature-les-vacances-parfaites-en-maremme\/#primaryimage"},"thumbnailUrl":"https:\/\/www.maremmasanssouci.it\/wp-content\/uploads\/2025\/01\/DJI_0326-31.jpg","articleSection":["Vacances en Maremme au bord de la mer"],"inLanguage":"fr-FR"},{"@type":"WebPage","@id":"https:\/\/www.maremmasanssouci.it\/fr\/vacances-en-maremme-au-bord-de-la-mer\/mer-et-nature-les-vacances-parfaites-en-maremme\/","url":"https:\/\/www.maremmasanssouci.it\/fr\/vacances-en-maremme-au-bord-de-la-mer\/mer-et-nature-les-vacances-parfaites-en-maremme\/","name":"Mer et nature, les vacances parfaites en Maremme - Maremma Sans Souci","isPartOf":{"@id":"https:\/\/www.maremmasanssouci.it\/fr\/#website"},"primaryImageOfPage":{"@id":"https:\/\/www.maremmasanssouci.it\/fr\/vacances-en-maremme-au-bord-de-la-mer\/mer-et-nature-les-vacances-parfaites-en-maremme\/#primaryimage"},"image":{"@id":"https:\/\/www.maremmasanssouci.it\/fr\/vacances-en-maremme-au-bord-de-la-mer\/mer-et-nature-les-vacances-parfaites-en-maremme\/#primaryimage"},"thumbnailUrl":"https:\/\/www.maremmasanssouci.it\/wp-content\/uploads\/2025\/01\/DJI_0326-31.jpg","datePublished":"2023-09-13T22:00:00+00:00","dateModified":"2025-05-26T16:29:36+00:00","description":"Le Camping Maremma Sans Souci est la solution parfaite si vous cherchez un endroit pour vous d\u00e9connecter de la routine et de l'agitation quotidienne. Immerg\u00e9s dans une pin\u00e8de verdoyante \u00e0 deux pas de la plage, vous aurez l'occasion de vivre des moments inoubliables.","breadcrumb":{"@id":"https:\/\/www.maremmasanssouci.it\/fr\/vacances-en-maremme-au-bord-de-la-mer\/mer-et-nature-les-vacances-parfaites-en-maremme\/#breadcrumb"},"inLanguage":"fr-FR","potentialAction":[{"@type":"ReadAction","target":["https:\/\/www.maremmasanssouci.it\/fr\/vacances-en-maremme-au-bord-de-la-mer\/mer-et-nature-les-vacances-parfaites-en-maremme\/"]}]},{"@type":"ImageObject","inLanguage":"fr-FR","@id":"https:\/\/www.maremmasanssouci.it\/fr\/vacances-en-maremme-au-bord-de-la-mer\/mer-et-nature-les-vacances-parfaites-en-maremme\/#primaryimage","url":"https:\/\/www.maremmasanssouci.it\/wp-content\/uploads\/2025\/01\/DJI_0326-31.jpg","contentUrl":"https:\/\/www.maremmasanssouci.it\/wp-content\/uploads\/2025\/01\/DJI_0326-31.jpg","width":1920,"height":1080},{"@type":"BreadcrumbList","@id":"https:\/\/www.maremmasanssouci.it\/fr\/vacances-en-maremme-au-bord-de-la-mer\/mer-et-nature-les-vacances-parfaites-en-maremme\/#breadcrumb","itemListElement":[{"@type":"ListItem","position":1,"name":"Home","item":"https:\/\/www.maremmasanssouci.it\/fr\/"},{"@type":"ListItem","position":2,"name":"Mer et nature, les vacances parfaites en Maremme"}]},{"@type":"WebSite","@id":"https:\/\/www.maremmasanssouci.it\/fr\/#website","url":"https:\/\/www.maremmasanssouci.it\/fr\/","name":"Maremma Sans Souci","description":"Un soggiorno in campeggio a contatto con la natura a Castiglione della Pescaia. Tutto il comfort che cerchi nel cuore della Maremma, a due passi dal mare","publisher":{"@id":"https:\/\/www.maremmasanssouci.it\/fr\/#organization"},"potentialAction":[{"@type":"SearchAction","target":{"@type":"EntryPoint","urlTemplate":"https:\/\/www.maremmasanssouci.it\/fr\/?s={search_term_string}"},"query-input":{"@type":"PropertyValueSpecification","valueRequired":true,"valueName":"search_term_string"}}],"inLanguage":"fr-FR"},{"@type":"Organization","@id":"https:\/\/www.maremmasanssouci.it\/fr\/#organization","name":"Maremma Sans Souci","url":"https:\/\/www.maremmasanssouci.it\/fr\/","logo":{"@type":"ImageObject","inLanguage":"fr-FR","@id":"https:\/\/www.maremmasanssouci.it\/fr\/#\/schema\/logo\/image\/","url":"https:\/\/www.maremmasanssouci.it\/wp-content\/uploads\/2025\/05\/logo-mobile-header-mss.svg","contentUrl":"https:\/\/www.maremmasanssouci.it\/wp-content\/uploads\/2025\/05\/logo-mobile-header-mss.svg","width":2488,"height":750,"caption":"Maremma Sans Souci"},"image":{"@id":"https:\/\/www.maremmasanssouci.it\/fr\/#\/schema\/logo\/image\/"}},{"@type":"Person","@id":"https:\/\/www.maremmasanssouci.it\/fr\/#\/schema\/person\/a67d33e15d70f332e480eeab276b6f86","name":"inconcreto","sameAs":["https:\/\/www.maremmasanssouci.it"]}]}},"loftoceanMetas":{"authorName":"inconcreto","categories":[{"name":"Vacances en Maremme au bord de la mer","link":"https:\/\/www.maremmasanssouci.it\/fr\/category\/vacances-en-maremme-au-bord-de-la-mer\/","count":8}],"date":"14 septembre 2023","featuredImageSRC":"https:\/\/www.maremmasanssouci.it\/wp-content\/uploads\/2025\/01\/DJI_0326-31-150x150.jpg"},"_links":{"self":[{"href":"https:\/\/www.maremmasanssouci.it\/fr\/wp-json\/wp\/v2\/posts\/15056","targetHints":{"allow":["GET"]}}],"collection":[{"href":"https:\/\/www.maremmasanssouci.it\/fr\/wp-json\/wp\/v2\/posts"}],"about":[{"href":"https:\/\/www.maremmasanssouci.it\/fr\/wp-json\/wp\/v2\/types\/post"}],"author":[{"embeddable":true,"href":"https:\/\/www.maremmasanssouci.it\/fr\/wp-json\/wp\/v2\/users\/1"}],"replies":[{"embeddable":true,"href":"https:\/\/www.maremmasanssouci.it\/fr\/wp-json\/wp\/v2\/comments?post=15056"}],"version-history":[{"count":1,"href":"https:\/\/www.maremmasanssouci.it\/fr\/wp-json\/wp\/v2\/posts\/15056\/revisions"}],"predecessor-version":[{"id":22552,"href":"https:\/\/www.maremmasanssouci.it\/fr\/wp-json\/wp\/v2\/posts\/15056\/revisions\/22552"}],"wp:featuredmedia":[{"embeddable":true,"href":"https:\/\/www.maremmasanssouci.it\/fr\/wp-json\/wp\/v2\/media\/15062"}],"wp:attachment":[{"href":"https:\/\/www.maremmasanssouci.it\/fr\/wp-json\/wp\/v2\/media?parent=15056"}],"wp:term":[{"taxonomy":"category","embeddable":true,"href":"https:\/\/www.maremmasanssouci.it\/fr\/wp-json\/wp\/v2\/categories?post=15056"},{"taxonomy":"post_tag","embeddable":true,"href":"https:\/\/www.maremmasanssouci.it\/fr\/wp-json\/wp\/v2\/tags?post=15056"}],"curies":[{"name":"wp","href":"https:\/\/api.w.org\/{rel}","templated":true}]}}