{"id":14664,"date":"2019-02-21T00:00:00","date_gmt":"2019-02-20T23:00:00","guid":{"rendered":"https:\/\/www.maremmasanssouci.it\/non-classifiee\/vacances-et-weekends-en-caravane-au-sans-souci\/"},"modified":"2025-05-26T18:21:09","modified_gmt":"2025-05-26T16:21:09","slug":"vacances-et-weekends-en-caravane-au-sans-souci","status":"publish","type":"post","link":"https:\/\/www.maremmasanssouci.it\/fr\/hebergement-de-vacances\/vacances-et-weekends-en-caravane-au-sans-souci\/","title":{"rendered":"Vacances et weekends en caravane au Sans Souci"},"content":{"rendered":"<h2 class=\"descrizione\">Cette ann\u00e9e choisissez-vous le Maremma Sans Souci pour vos vacances en caravane, pour vous qu\u0092aimez-vous voyager en libert\u00e9 et qui d\u00e9sirez passer quelques jours \u00e0 la d\u00e9couverture des lieux insolites et spectaculaires<\/h2>\n<p><img decoding=\"async\" class=\"alignnone size-full\" src=\"https:\/\/www.maremmasanssouci.it\/wp-content\/uploads\/2025\/01\/CampeggioRoulotte-30.jpg\" alt=\"Piazzole Roulotte - Maremma Sans Souci\" \/><br \/>\n<em>Emplacements caravanes &#8211; Maremma Sans Souci<\/em><\/p>\n<h3>Un weekend en caravane<\/h3>\n<p>Quelques jours en camping, directement sur la mer, une fois arriv\u00e9s vous devrez seulement ranger votre caravane et vous relaxer. Nous nous occuperons \u00e0 toute le reste. Avec notre exp\u00e9rience de depuis cinquante ans, nous offrions \u00e0 nos h\u00f4tes des services de haute qualit\u00e9 dans un cadre raffin\u00e9, en le respectant. Dans une verdoyante pin\u00e8de s\u00e9culaire, avec des emplacements ombrag\u00e9s et avec tous les conforts, vous pourrez profiter d\u0092une aire fraiche et propre, avec une mer spectaculaire, avec des fonds sableux. Vous pourrez profiter de la tranquillit\u00e9 et du ralentissement du temps.<\/p>\n<p>A\u0092 l\u0092int\u00e9rieur de notre structure il y a un mini-march\u00e9, fourni d\u0092excellentes produits typiques, un bazar et \u00e0 la plage vous pourrez participer \u00e0 des amusantes activit\u00e9s de group organis\u00e9es chaque jour par nos animateurs. En alternative si vous aimez les sports aquatiques vous pourrez demander pour des le\u00e7ons de windsurf, surf ou sup, ou laissez-vous guider \u00e0 la d\u00e9couverture de ce merveilleux littoral, avec des excursions en cano\u00eb ou en kayak. M\u00eame pour les d\u00e9butants, \u00e0 essayer!<\/p>\n<h3>Une semaine en caravane<\/h3>\n<p>Choisissez-vous des vacances en camping \u00e0 la mer, l\u0092id\u00e9al pour qui aime la vie en plein air, en contact avec la nature, en plein libert\u00e9 pour d\u00e9connecter de la routine quotidienne. Le Maremma Sans Souci, \u00e0 Castiglione della Pescaia, dans la province de Grosseto, dans le c\u009cur de la Maremma, aim\u00e9 et tr\u00e8s appr\u00e9ci\u00e9 par les campeurs italiens et \u00e9trangers, est le choix d\u00e9sirable pour vos vacances.<\/p>\n<p>La fantastique plage est en partie publique et en partie \u00e9quip\u00e9e, au bar \u00e0 la plage vous pourrez d\u00e9gouter des boissons rafraichissantes, des glaces, snack et des ap\u00e9ritifs, tout organis\u00e9 pour rendre plus agr\u00e9able votre s\u00e9jour. Les emplacements ombrag\u00e9s sont bien s\u00e9par\u00e9s les unes des autres, en cherchant de respecter l\u0092intimit\u00e9 et la tranquillit\u00e9 de chaque notre h\u00f4te autant que possible.<\/p>\n<p>Au point d\u0092information, pr\u00e8s de la r\u00e9ception, vous pourrez demander pour des informations plus d\u00e9taill\u00e9es sur quoi voir et sur la mani\u00e8re plus appropri\u00e9e \u00e0 votre exigence. La position centrale vous permettra d\u0092avoir \u00e0 disposition beaucoup d\u0092alternatives, vous pourrez choisir entre la fascinante cote avec ses particuli\u00e8res criques, Cala Violina la plus c\u00e9l\u00e8bre ou Cala Martina, moins c\u00e9l\u00e8bre mais \u00e9galement fascinante.<\/p>\n<p>Ou vous pourrez vous d\u00e9placer ver l\u0092arri\u00e8re-pays \u00e0 la d\u00e9couverture des parcs et des r\u00e9serves naturelles, comme par exemple le Parc Naturel de la Maremma, le poumon vert de la r\u00e9gion, entre les bois, les reliques historiques et des panoramas magnifiques. Il y a aussi la R\u00e9serve Diaccia Botrona une zone prot\u00e9g\u00e9e et riche de biodiversit\u00e9. A\u0092 vous de choisir!<\/p>\n","protected":false},"excerpt":{"rendered":"<p>Cette ann\u00e9e choisissez-vous le Maremma Sans Souci pour vos vacances en caravane, pour vous qu\u0092aimez-vous voyager en libert\u00e9 et qui d\u00e9sirez passer quelques jours \u00e0 la d\u00e9couverture des lieux insolites et spectaculaires Emplacements caravanes &#8211; Maremma Sans Souci Un weekend en caravane Quelques jours en camping, directement sur la mer, une fois arriv\u00e9s vous devrez &#8230;<\/p>\n","protected":false},"author":1,"featured_media":14670,"comment_status":"closed","ping_status":"closed","sticky":false,"template":"","format":"standard","meta":{"inline_featured_image":false,"loftocean_post_format_gallery":"","loftocean_post_format_gallery_ids":"","loftocean_post_format_gallery_urls":"","loftocean_post_format_video_id":0,"loftocean_post_format_video_url":"","loftocean_post_format_video_type":"","loftocean_post_format_video":"","loftocean_post_format_audio_type":"","loftocean_post_format_audio_url":"","loftocean_post_format_audio_id":0,"loftocean_post_format_audio":"","loftocean-like-count":0,"cozystay_single_post_hide_site_header":"","cozystay_single_post_site_header_source":"","cozystay_single_post_custom_site_header":"0","cozystay_single_post_custom_sticky_site_header":"0","cozystay_single_post_hide_page_title":"","cozystay_single_post_site_footer_hide_main":"","cozystay_single_custom_site_footer_main_source":"","cozystay_single_custom_site_footer_main":"0","cozystay_single_post_site_footer_hide_above":"","cozystay_single_custom_site_footer_above_source":"","cozystay_single_custom_site_footer_above":"0","cozystay_single_post_site_footer_hide_instagram":"","cozystay_single_post_site_footer_hide_bottom":"","cozystay_single_custom_mobile_menu_source":"","cozystay_single_custom_mobile_menu":"0","cozystay_single_custom_mobile_menu_animation":"","cozystay_single_custom_mobile_menu_width":"","cozystay_single_custom_mobile_menu_custom_width":375,"cozystay_single_post_template":"","footnotes":""},"categories":[104],"tags":[],"class_list":["post-14664","post","type-post","status-publish","format-standard","has-post-thumbnail","hentry","category-hebergement-de-vacances"],"yoast_head":"<!-- This site is optimized with the Yoast SEO plugin v27.5 - https:\/\/yoast.com\/product\/yoast-seo-wordpress\/ -->\n<title>Vacances et weekends en caravane au Sans Souci - Maremma Sans Souci<\/title>\n<meta name=\"description\" content=\"Cette ann\u00e9e choisissez-vous le Maremma Sans Souci pour vos vacances en caravane, pour vous qu\u2019aimez-vous voyager en libert\u00e9 et qui d\u00e9sirez passer quelques jours \u00e0 la d\u00e9couverture des lieux insolites et spectaculaires\" \/>\n<meta name=\"robots\" content=\"index, follow, max-snippet:-1, max-image-preview:large, max-video-preview:-1\" \/>\n<link rel=\"canonical\" href=\"https:\/\/www.maremmasanssouci.it\/fr\/hebergement-de-vacances\/vacances-et-weekends-en-caravane-au-sans-souci\/\" \/>\n<meta property=\"og:locale\" content=\"fr_FR\" \/>\n<meta property=\"og:type\" content=\"article\" \/>\n<meta property=\"og:title\" content=\"Vacances et weekends en caravane au Sans Souci - Maremma Sans Souci\" \/>\n<meta property=\"og:description\" content=\"Cette ann\u00e9e choisissez-vous le Maremma Sans Souci pour vos vacances en caravane, pour vous qu\u2019aimez-vous voyager en libert\u00e9 et qui d\u00e9sirez passer quelques jours \u00e0 la d\u00e9couverture des lieux insolites et spectaculaires\" \/>\n<meta property=\"og:url\" content=\"https:\/\/www.maremmasanssouci.it\/fr\/hebergement-de-vacances\/vacances-et-weekends-en-caravane-au-sans-souci\/\" \/>\n<meta property=\"og:site_name\" content=\"Maremma Sans Souci\" \/>\n<meta property=\"article:published_time\" content=\"2019-02-20T23:00:00+00:00\" \/>\n<meta property=\"article:modified_time\" content=\"2025-05-26T16:21:09+00:00\" \/>\n<meta property=\"og:image\" content=\"https:\/\/www.maremmasanssouci.it\/wp-content\/uploads\/2025\/01\/CampeggioRoulotte-31.jpg\" \/>\n\t<meta property=\"og:image:width\" content=\"800\" \/>\n\t<meta property=\"og:image:height\" content=\"533\" \/>\n\t<meta property=\"og:image:type\" content=\"image\/jpeg\" \/>\n<meta name=\"author\" content=\"inconcreto\" \/>\n<meta name=\"twitter:card\" content=\"summary_large_image\" \/>\n<script type=\"application\/ld+json\" class=\"yoast-schema-graph\">{\"@context\":\"https:\\\/\\\/schema.org\",\"@graph\":[{\"@type\":\"Article\",\"@id\":\"https:\\\/\\\/www.maremmasanssouci.it\\\/fr\\\/hebergement-de-vacances\\\/vacances-et-weekends-en-caravane-au-sans-souci\\\/#article\",\"isPartOf\":{\"@id\":\"https:\\\/\\\/www.maremmasanssouci.it\\\/fr\\\/hebergement-de-vacances\\\/vacances-et-weekends-en-caravane-au-sans-souci\\\/\"},\"author\":{\"name\":\"inconcreto\",\"@id\":\"https:\\\/\\\/www.maremmasanssouci.it\\\/fr\\\/#\\\/schema\\\/person\\\/a67d33e15d70f332e480eeab276b6f86\"},\"headline\":\"Vacances et weekends en caravane au Sans Souci\",\"datePublished\":\"2019-02-20T23:00:00+00:00\",\"dateModified\":\"2025-05-26T16:21:09+00:00\",\"mainEntityOfPage\":{\"@id\":\"https:\\\/\\\/www.maremmasanssouci.it\\\/fr\\\/hebergement-de-vacances\\\/vacances-et-weekends-en-caravane-au-sans-souci\\\/\"},\"wordCount\":520,\"publisher\":{\"@id\":\"https:\\\/\\\/www.maremmasanssouci.it\\\/fr\\\/#organization\"},\"image\":{\"@id\":\"https:\\\/\\\/www.maremmasanssouci.it\\\/fr\\\/hebergement-de-vacances\\\/vacances-et-weekends-en-caravane-au-sans-souci\\\/#primaryimage\"},\"thumbnailUrl\":\"https:\\\/\\\/www.maremmasanssouci.it\\\/wp-content\\\/uploads\\\/2025\\\/01\\\/CampeggioRoulotte-31.jpg\",\"articleSection\":[\"H\u00e9bergement de vacances\"],\"inLanguage\":\"fr-FR\"},{\"@type\":\"WebPage\",\"@id\":\"https:\\\/\\\/www.maremmasanssouci.it\\\/fr\\\/hebergement-de-vacances\\\/vacances-et-weekends-en-caravane-au-sans-souci\\\/\",\"url\":\"https:\\\/\\\/www.maremmasanssouci.it\\\/fr\\\/hebergement-de-vacances\\\/vacances-et-weekends-en-caravane-au-sans-souci\\\/\",\"name\":\"Vacances et weekends en caravane au Sans Souci - Maremma Sans Souci\",\"isPartOf\":{\"@id\":\"https:\\\/\\\/www.maremmasanssouci.it\\\/fr\\\/#website\"},\"primaryImageOfPage\":{\"@id\":\"https:\\\/\\\/www.maremmasanssouci.it\\\/fr\\\/hebergement-de-vacances\\\/vacances-et-weekends-en-caravane-au-sans-souci\\\/#primaryimage\"},\"image\":{\"@id\":\"https:\\\/\\\/www.maremmasanssouci.it\\\/fr\\\/hebergement-de-vacances\\\/vacances-et-weekends-en-caravane-au-sans-souci\\\/#primaryimage\"},\"thumbnailUrl\":\"https:\\\/\\\/www.maremmasanssouci.it\\\/wp-content\\\/uploads\\\/2025\\\/01\\\/CampeggioRoulotte-31.jpg\",\"datePublished\":\"2019-02-20T23:00:00+00:00\",\"dateModified\":\"2025-05-26T16:21:09+00:00\",\"description\":\"Cette ann\u00e9e choisissez-vous le Maremma Sans Souci pour vos vacances en caravane, pour vous qu\u2019aimez-vous voyager en libert\u00e9 et qui d\u00e9sirez passer quelques jours \u00e0 la d\u00e9couverture des lieux insolites et spectaculaires\",\"breadcrumb\":{\"@id\":\"https:\\\/\\\/www.maremmasanssouci.it\\\/fr\\\/hebergement-de-vacances\\\/vacances-et-weekends-en-caravane-au-sans-souci\\\/#breadcrumb\"},\"inLanguage\":\"fr-FR\",\"potentialAction\":[{\"@type\":\"ReadAction\",\"target\":[\"https:\\\/\\\/www.maremmasanssouci.it\\\/fr\\\/hebergement-de-vacances\\\/vacances-et-weekends-en-caravane-au-sans-souci\\\/\"]}]},{\"@type\":\"ImageObject\",\"inLanguage\":\"fr-FR\",\"@id\":\"https:\\\/\\\/www.maremmasanssouci.it\\\/fr\\\/hebergement-de-vacances\\\/vacances-et-weekends-en-caravane-au-sans-souci\\\/#primaryimage\",\"url\":\"https:\\\/\\\/www.maremmasanssouci.it\\\/wp-content\\\/uploads\\\/2025\\\/01\\\/CampeggioRoulotte-31.jpg\",\"contentUrl\":\"https:\\\/\\\/www.maremmasanssouci.it\\\/wp-content\\\/uploads\\\/2025\\\/01\\\/CampeggioRoulotte-31.jpg\",\"width\":800,\"height\":533},{\"@type\":\"BreadcrumbList\",\"@id\":\"https:\\\/\\\/www.maremmasanssouci.it\\\/fr\\\/hebergement-de-vacances\\\/vacances-et-weekends-en-caravane-au-sans-souci\\\/#breadcrumb\",\"itemListElement\":[{\"@type\":\"ListItem\",\"position\":1,\"name\":\"Home\",\"item\":\"https:\\\/\\\/www.maremmasanssouci.it\\\/fr\\\/\"},{\"@type\":\"ListItem\",\"position\":2,\"name\":\"Vacances et weekends en caravane au Sans Souci\"}]},{\"@type\":\"WebSite\",\"@id\":\"https:\\\/\\\/www.maremmasanssouci.it\\\/fr\\\/#website\",\"url\":\"https:\\\/\\\/www.maremmasanssouci.it\\\/fr\\\/\",\"name\":\"Maremma Sans Souci\",\"description\":\"Un soggiorno in campeggio a contatto con la natura a Castiglione della Pescaia. Tutto il comfort che cerchi nel cuore della Maremma, a due passi dal mare\",\"publisher\":{\"@id\":\"https:\\\/\\\/www.maremmasanssouci.it\\\/fr\\\/#organization\"},\"potentialAction\":[{\"@type\":\"SearchAction\",\"target\":{\"@type\":\"EntryPoint\",\"urlTemplate\":\"https:\\\/\\\/www.maremmasanssouci.it\\\/fr\\\/?s={search_term_string}\"},\"query-input\":{\"@type\":\"PropertyValueSpecification\",\"valueRequired\":true,\"valueName\":\"search_term_string\"}}],\"inLanguage\":\"fr-FR\"},{\"@type\":\"Organization\",\"@id\":\"https:\\\/\\\/www.maremmasanssouci.it\\\/fr\\\/#organization\",\"name\":\"Maremma Sans Souci\",\"url\":\"https:\\\/\\\/www.maremmasanssouci.it\\\/fr\\\/\",\"logo\":{\"@type\":\"ImageObject\",\"inLanguage\":\"fr-FR\",\"@id\":\"https:\\\/\\\/www.maremmasanssouci.it\\\/fr\\\/#\\\/schema\\\/logo\\\/image\\\/\",\"url\":\"https:\\\/\\\/www.maremmasanssouci.it\\\/wp-content\\\/uploads\\\/2025\\\/05\\\/logo-mobile-header-mss.svg\",\"contentUrl\":\"https:\\\/\\\/www.maremmasanssouci.it\\\/wp-content\\\/uploads\\\/2025\\\/05\\\/logo-mobile-header-mss.svg\",\"width\":2488,\"height\":750,\"caption\":\"Maremma Sans Souci\"},\"image\":{\"@id\":\"https:\\\/\\\/www.maremmasanssouci.it\\\/fr\\\/#\\\/schema\\\/logo\\\/image\\\/\"}},{\"@type\":\"Person\",\"@id\":\"https:\\\/\\\/www.maremmasanssouci.it\\\/fr\\\/#\\\/schema\\\/person\\\/a67d33e15d70f332e480eeab276b6f86\",\"name\":\"inconcreto\",\"sameAs\":[\"https:\\\/\\\/www.maremmasanssouci.it\"]}]}<\/script>\n<!-- \/ Yoast SEO plugin. -->","yoast_head_json":{"title":"Vacances et weekends en caravane au Sans Souci - Maremma Sans Souci","description":"Cette ann\u00e9e choisissez-vous le Maremma Sans Souci pour vos vacances en caravane, pour vous qu\u2019aimez-vous voyager en libert\u00e9 et qui d\u00e9sirez passer quelques jours \u00e0 la d\u00e9couverture des lieux insolites et spectaculaires","robots":{"index":"index","follow":"follow","max-snippet":"max-snippet:-1","max-image-preview":"max-image-preview:large","max-video-preview":"max-video-preview:-1"},"canonical":"https:\/\/www.maremmasanssouci.it\/fr\/hebergement-de-vacances\/vacances-et-weekends-en-caravane-au-sans-souci\/","og_locale":"fr_FR","og_type":"article","og_title":"Vacances et weekends en caravane au Sans Souci - Maremma Sans Souci","og_description":"Cette ann\u00e9e choisissez-vous le Maremma Sans Souci pour vos vacances en caravane, pour vous qu\u2019aimez-vous voyager en libert\u00e9 et qui d\u00e9sirez passer quelques jours \u00e0 la d\u00e9couverture des lieux insolites et spectaculaires","og_url":"https:\/\/www.maremmasanssouci.it\/fr\/hebergement-de-vacances\/vacances-et-weekends-en-caravane-au-sans-souci\/","og_site_name":"Maremma Sans Souci","article_published_time":"2019-02-20T23:00:00+00:00","article_modified_time":"2025-05-26T16:21:09+00:00","og_image":[{"width":800,"height":533,"url":"https:\/\/www.maremmasanssouci.it\/wp-content\/uploads\/2025\/01\/CampeggioRoulotte-31.jpg","type":"image\/jpeg"}],"author":"inconcreto","twitter_card":"summary_large_image","schema":{"@context":"https:\/\/schema.org","@graph":[{"@type":"Article","@id":"https:\/\/www.maremmasanssouci.it\/fr\/hebergement-de-vacances\/vacances-et-weekends-en-caravane-au-sans-souci\/#article","isPartOf":{"@id":"https:\/\/www.maremmasanssouci.it\/fr\/hebergement-de-vacances\/vacances-et-weekends-en-caravane-au-sans-souci\/"},"author":{"name":"inconcreto","@id":"https:\/\/www.maremmasanssouci.it\/fr\/#\/schema\/person\/a67d33e15d70f332e480eeab276b6f86"},"headline":"Vacances et weekends en caravane au Sans Souci","datePublished":"2019-02-20T23:00:00+00:00","dateModified":"2025-05-26T16:21:09+00:00","mainEntityOfPage":{"@id":"https:\/\/www.maremmasanssouci.it\/fr\/hebergement-de-vacances\/vacances-et-weekends-en-caravane-au-sans-souci\/"},"wordCount":520,"publisher":{"@id":"https:\/\/www.maremmasanssouci.it\/fr\/#organization"},"image":{"@id":"https:\/\/www.maremmasanssouci.it\/fr\/hebergement-de-vacances\/vacances-et-weekends-en-caravane-au-sans-souci\/#primaryimage"},"thumbnailUrl":"https:\/\/www.maremmasanssouci.it\/wp-content\/uploads\/2025\/01\/CampeggioRoulotte-31.jpg","articleSection":["H\u00e9bergement de vacances"],"inLanguage":"fr-FR"},{"@type":"WebPage","@id":"https:\/\/www.maremmasanssouci.it\/fr\/hebergement-de-vacances\/vacances-et-weekends-en-caravane-au-sans-souci\/","url":"https:\/\/www.maremmasanssouci.it\/fr\/hebergement-de-vacances\/vacances-et-weekends-en-caravane-au-sans-souci\/","name":"Vacances et weekends en caravane au Sans Souci - Maremma Sans Souci","isPartOf":{"@id":"https:\/\/www.maremmasanssouci.it\/fr\/#website"},"primaryImageOfPage":{"@id":"https:\/\/www.maremmasanssouci.it\/fr\/hebergement-de-vacances\/vacances-et-weekends-en-caravane-au-sans-souci\/#primaryimage"},"image":{"@id":"https:\/\/www.maremmasanssouci.it\/fr\/hebergement-de-vacances\/vacances-et-weekends-en-caravane-au-sans-souci\/#primaryimage"},"thumbnailUrl":"https:\/\/www.maremmasanssouci.it\/wp-content\/uploads\/2025\/01\/CampeggioRoulotte-31.jpg","datePublished":"2019-02-20T23:00:00+00:00","dateModified":"2025-05-26T16:21:09+00:00","description":"Cette ann\u00e9e choisissez-vous le Maremma Sans Souci pour vos vacances en caravane, pour vous qu\u2019aimez-vous voyager en libert\u00e9 et qui d\u00e9sirez passer quelques jours \u00e0 la d\u00e9couverture des lieux insolites et spectaculaires","breadcrumb":{"@id":"https:\/\/www.maremmasanssouci.it\/fr\/hebergement-de-vacances\/vacances-et-weekends-en-caravane-au-sans-souci\/#breadcrumb"},"inLanguage":"fr-FR","potentialAction":[{"@type":"ReadAction","target":["https:\/\/www.maremmasanssouci.it\/fr\/hebergement-de-vacances\/vacances-et-weekends-en-caravane-au-sans-souci\/"]}]},{"@type":"ImageObject","inLanguage":"fr-FR","@id":"https:\/\/www.maremmasanssouci.it\/fr\/hebergement-de-vacances\/vacances-et-weekends-en-caravane-au-sans-souci\/#primaryimage","url":"https:\/\/www.maremmasanssouci.it\/wp-content\/uploads\/2025\/01\/CampeggioRoulotte-31.jpg","contentUrl":"https:\/\/www.maremmasanssouci.it\/wp-content\/uploads\/2025\/01\/CampeggioRoulotte-31.jpg","width":800,"height":533},{"@type":"BreadcrumbList","@id":"https:\/\/www.maremmasanssouci.it\/fr\/hebergement-de-vacances\/vacances-et-weekends-en-caravane-au-sans-souci\/#breadcrumb","itemListElement":[{"@type":"ListItem","position":1,"name":"Home","item":"https:\/\/www.maremmasanssouci.it\/fr\/"},{"@type":"ListItem","position":2,"name":"Vacances et weekends en caravane au Sans Souci"}]},{"@type":"WebSite","@id":"https:\/\/www.maremmasanssouci.it\/fr\/#website","url":"https:\/\/www.maremmasanssouci.it\/fr\/","name":"Maremma Sans Souci","description":"Un soggiorno in campeggio a contatto con la natura a Castiglione della Pescaia. Tutto il comfort che cerchi nel cuore della Maremma, a due passi dal mare","publisher":{"@id":"https:\/\/www.maremmasanssouci.it\/fr\/#organization"},"potentialAction":[{"@type":"SearchAction","target":{"@type":"EntryPoint","urlTemplate":"https:\/\/www.maremmasanssouci.it\/fr\/?s={search_term_string}"},"query-input":{"@type":"PropertyValueSpecification","valueRequired":true,"valueName":"search_term_string"}}],"inLanguage":"fr-FR"},{"@type":"Organization","@id":"https:\/\/www.maremmasanssouci.it\/fr\/#organization","name":"Maremma Sans Souci","url":"https:\/\/www.maremmasanssouci.it\/fr\/","logo":{"@type":"ImageObject","inLanguage":"fr-FR","@id":"https:\/\/www.maremmasanssouci.it\/fr\/#\/schema\/logo\/image\/","url":"https:\/\/www.maremmasanssouci.it\/wp-content\/uploads\/2025\/05\/logo-mobile-header-mss.svg","contentUrl":"https:\/\/www.maremmasanssouci.it\/wp-content\/uploads\/2025\/05\/logo-mobile-header-mss.svg","width":2488,"height":750,"caption":"Maremma Sans Souci"},"image":{"@id":"https:\/\/www.maremmasanssouci.it\/fr\/#\/schema\/logo\/image\/"}},{"@type":"Person","@id":"https:\/\/www.maremmasanssouci.it\/fr\/#\/schema\/person\/a67d33e15d70f332e480eeab276b6f86","name":"inconcreto","sameAs":["https:\/\/www.maremmasanssouci.it"]}]}},"loftoceanMetas":{"authorName":"inconcreto","categories":[{"name":"H\u00e9bergement de vacances","link":"https:\/\/www.maremmasanssouci.it\/fr\/category\/hebergement-de-vacances\/","count":6}],"date":"21 f\u00e9vrier 2019","featuredImageSRC":"https:\/\/www.maremmasanssouci.it\/wp-content\/uploads\/2025\/01\/CampeggioRoulotte-31-150x150.jpg"},"_links":{"self":[{"href":"https:\/\/www.maremmasanssouci.it\/fr\/wp-json\/wp\/v2\/posts\/14664","targetHints":{"allow":["GET"]}}],"collection":[{"href":"https:\/\/www.maremmasanssouci.it\/fr\/wp-json\/wp\/v2\/posts"}],"about":[{"href":"https:\/\/www.maremmasanssouci.it\/fr\/wp-json\/wp\/v2\/types\/post"}],"author":[{"embeddable":true,"href":"https:\/\/www.maremmasanssouci.it\/fr\/wp-json\/wp\/v2\/users\/1"}],"replies":[{"embeddable":true,"href":"https:\/\/www.maremmasanssouci.it\/fr\/wp-json\/wp\/v2\/comments?post=14664"}],"version-history":[{"count":1,"href":"https:\/\/www.maremmasanssouci.it\/fr\/wp-json\/wp\/v2\/posts\/14664\/revisions"}],"predecessor-version":[{"id":22544,"href":"https:\/\/www.maremmasanssouci.it\/fr\/wp-json\/wp\/v2\/posts\/14664\/revisions\/22544"}],"wp:featuredmedia":[{"embeddable":true,"href":"https:\/\/www.maremmasanssouci.it\/fr\/wp-json\/wp\/v2\/media\/14670"}],"wp:attachment":[{"href":"https:\/\/www.maremmasanssouci.it\/fr\/wp-json\/wp\/v2\/media?parent=14664"}],"wp:term":[{"taxonomy":"category","embeddable":true,"href":"https:\/\/www.maremmasanssouci.it\/fr\/wp-json\/wp\/v2\/categories?post=14664"},{"taxonomy":"post_tag","embeddable":true,"href":"https:\/\/www.maremmasanssouci.it\/fr\/wp-json\/wp\/v2\/tags?post=14664"}],"curies":[{"name":"wp","href":"https:\/\/api.w.org\/{rel}","templated":true}]}}