{"id":14383,"date":"2016-11-03T00:00:00","date_gmt":"2016-11-02T23:00:00","guid":{"rendered":"https:\/\/www.maremmasanssouci.it\/non-classifiee\/camping-mer-en-juillet-et-aout-2\/"},"modified":"2025-11-18T10:24:43","modified_gmt":"2025-11-18T09:24:43","slug":"camping-mer-en-juillet-et-aout-2","status":"publish","type":"post","link":"https:\/\/www.maremmasanssouci.it\/fr\/camping-en-maremme\/camping-mer-en-juillet-et-aout-2\/","title":{"rendered":"Camping mer en juillet et ao\u00fbt"},"content":{"rendered":"<h2>Profitez de la c\u00f4te de la mer de la Toscane dans notre camping \u00e0 Castiglione della Pescaia, avec ses eaux cristallines et non pollu\u00e9es<\/h2>\n<p>Depuis d\u00e9sormais de nombreuses ann\u00e9es la mer de notre territoire re\u00e7oit le prix \u00ab Drapeau Bleu \u00bb qui garanti la puret\u00e9 de notre territoire et am\u00e9liore la qualit\u00e9 de notre offre touristique. Maremma Sans Souci offre \u00e0 tous les clients un grand nombre d&rsquo;informations et de services pour visiter les plus belles plages et les bains publics de la c\u00f4te toscane, avec le choix entre la tranquillit\u00e9 des lieux naturels et pr\u00e9serv\u00e9s et les f\u00eates de plages branch\u00e9es.<\/p>\n<p><img decoding=\"async\" class=\"alignnone size-full wp-image-2897\" src=\"https:\/\/www.maremmasanssouci.it\/wp-content\/uploads\/2025\/01\/spiaggia-privata-dallalto-30.jpg\" alt=\"Camping mer en juillet et ao\u00fbt\" width=\"100%\" \/><\/p>\n<h3>Vacances mer de P\u00e2ques \u00e0 octobre<\/h3>\n<p>Le Camping Maremma Sans Souci est ouvert de P\u00e2ques au 31 octobre, en vous offrant tous les beaux paysages de la c\u00f4te de la Maremme du printemps \u00e0 l&rsquo;automne. Vous pourrez admirer les milieux les plus divers et les transformations de la v\u00e9g\u00e9tation de la Maremme, ainsi que les nombreuses r\u00e9serves naturelles dans la r\u00e9gion, les paysages magnifiques et les panoramas offerts par la c\u00f4te de la Toscane.<\/p>\n<h3>Juillet et ao\u00fbt \u00e0 Punta Ala<\/h3>\n<p>Maremma Sans Souci est situ\u00e9 au centre des sites les plus int\u00e9ressants en l&rsquo;\u00e9t\u00e9 en Toscane, \u00e0 un point strat\u00e9gique pour faire des excursions d&rsquo;un ou deux jours. D&rsquo;une part, la nature et les produits typiques de la Maremme Toscane et de l\u0092autre cot\u00e9 Follonica ou Piombino, lieux d&rsquo;attraction pour les nombreux \u00e9v\u00e9nements ou point de d\u00e9part pour le ferry pour l&rsquo;\u00eele d&rsquo;Elbe et ses villages de p\u00eacheurs pittoresques.<\/p>\n","protected":false},"excerpt":{"rendered":"<p>Profitez de la c\u00f4te de la mer de la Toscane dans notre camping \u00e0 Castiglione della Pescaia, avec ses eaux cristallines et non pollu\u00e9es Depuis d\u00e9sormais de nombreuses ann\u00e9es la mer de notre territoire re\u00e7oit le prix \u00ab Drapeau Bleu \u00bb qui garanti la puret\u00e9 de notre territoire et am\u00e9liore la qualit\u00e9 de notre offre &#8230;<\/p>\n","protected":false},"author":1,"featured_media":14870,"comment_status":"closed","ping_status":"closed","sticky":false,"template":"","format":"standard","meta":{"inline_featured_image":false,"loftocean_post_format_gallery":"","loftocean_post_format_gallery_ids":"","loftocean_post_format_gallery_urls":"","loftocean_post_format_video_id":0,"loftocean_post_format_video_url":"","loftocean_post_format_video_type":"","loftocean_post_format_video":"","loftocean_post_format_audio_type":"","loftocean_post_format_audio_url":"","loftocean_post_format_audio_id":0,"loftocean_post_format_audio":"","loftocean-like-count":0,"cozystay_single_post_hide_site_header":"","cozystay_single_post_site_header_source":"","cozystay_single_post_custom_site_header":"0","cozystay_single_post_custom_sticky_site_header":"0","cozystay_single_post_hide_page_title":"","cozystay_single_post_site_footer_hide_main":"","cozystay_single_custom_site_footer_main_source":"","cozystay_single_custom_site_footer_main":"0","cozystay_single_post_site_footer_hide_above":"","cozystay_single_custom_site_footer_above_source":"","cozystay_single_custom_site_footer_above":"0","cozystay_single_post_site_footer_hide_instagram":"","cozystay_single_post_site_footer_hide_bottom":"","cozystay_single_custom_mobile_menu_source":"","cozystay_single_custom_mobile_menu":"0","cozystay_single_custom_mobile_menu_animation":"","cozystay_single_custom_mobile_menu_width":"","cozystay_single_custom_mobile_menu_custom_width":375,"cozystay_single_post_template":"","footnotes":""},"categories":[98],"tags":[],"class_list":["post-14383","post","type-post","status-publish","format-standard","has-post-thumbnail","hentry","category-camping-en-maremme"],"yoast_head":"<!-- This site is optimized with the Yoast SEO plugin v27.5 - https:\/\/yoast.com\/product\/yoast-seo-wordpress\/ -->\n<title>Camping mer en juillet et ao\u00fbt - Maremma Sans Souci<\/title>\n<meta name=\"description\" content=\"Profitez de la c\u00f4te de la mer de la Toscane dans notre camping \u00e0 Castiglione della Pescaia, avec ses eaux cristallines et non pollu\u00e9es\" \/>\n<meta name=\"robots\" content=\"index, follow, max-snippet:-1, max-image-preview:large, max-video-preview:-1\" \/>\n<link rel=\"canonical\" href=\"https:\/\/www.maremmasanssouci.it\/fr\/camping-en-maremme\/camping-mer-en-juillet-et-aout-2\/\" \/>\n<meta property=\"og:locale\" content=\"fr_FR\" \/>\n<meta property=\"og:type\" content=\"article\" \/>\n<meta property=\"og:title\" content=\"Camping mer en juillet et ao\u00fbt - Maremma Sans Souci\" \/>\n<meta property=\"og:description\" content=\"Profitez de la c\u00f4te de la mer de la Toscane dans notre camping \u00e0 Castiglione della Pescaia, avec ses eaux cristallines et non pollu\u00e9es\" \/>\n<meta property=\"og:url\" content=\"https:\/\/www.maremmasanssouci.it\/fr\/camping-en-maremme\/camping-mer-en-juillet-et-aout-2\/\" \/>\n<meta property=\"og:site_name\" content=\"Maremma Sans Souci\" \/>\n<meta property=\"article:published_time\" content=\"2016-11-02T23:00:00+00:00\" \/>\n<meta property=\"article:modified_time\" content=\"2025-11-18T09:24:43+00:00\" \/>\n<meta property=\"og:image\" content=\"https:\/\/www.maremmasanssouci.it\/wp-content\/uploads\/2025\/01\/spiaggia-privata-dallalto-30.jpg\" \/>\n\t<meta property=\"og:image:width\" content=\"1200\" \/>\n\t<meta property=\"og:image:height\" content=\"665\" \/>\n\t<meta property=\"og:image:type\" content=\"image\/jpeg\" \/>\n<meta name=\"author\" content=\"inconcreto\" \/>\n<meta name=\"twitter:card\" content=\"summary_large_image\" \/>\n<script type=\"application\/ld+json\" class=\"yoast-schema-graph\">{\"@context\":\"https:\\\/\\\/schema.org\",\"@graph\":[{\"@type\":\"Article\",\"@id\":\"https:\\\/\\\/www.maremmasanssouci.it\\\/fr\\\/camping-en-maremme\\\/camping-mer-en-juillet-et-aout-2\\\/#article\",\"isPartOf\":{\"@id\":\"https:\\\/\\\/www.maremmasanssouci.it\\\/fr\\\/camping-en-maremme\\\/camping-mer-en-juillet-et-aout-2\\\/\"},\"author\":{\"name\":\"inconcreto\",\"@id\":\"https:\\\/\\\/www.maremmasanssouci.it\\\/fr\\\/#\\\/schema\\\/person\\\/a67d33e15d70f332e480eeab276b6f86\"},\"headline\":\"Camping mer en juillet et ao\u00fbt\",\"datePublished\":\"2016-11-02T23:00:00+00:00\",\"dateModified\":\"2025-11-18T09:24:43+00:00\",\"mainEntityOfPage\":{\"@id\":\"https:\\\/\\\/www.maremmasanssouci.it\\\/fr\\\/camping-en-maremme\\\/camping-mer-en-juillet-et-aout-2\\\/\"},\"wordCount\":283,\"publisher\":{\"@id\":\"https:\\\/\\\/www.maremmasanssouci.it\\\/fr\\\/#organization\"},\"image\":{\"@id\":\"https:\\\/\\\/www.maremmasanssouci.it\\\/fr\\\/camping-en-maremme\\\/camping-mer-en-juillet-et-aout-2\\\/#primaryimage\"},\"thumbnailUrl\":\"https:\\\/\\\/www.maremmasanssouci.it\\\/wp-content\\\/uploads\\\/2025\\\/01\\\/spiaggia-privata-dallalto-30.jpg\",\"articleSection\":[\"Camping en Maremme\"],\"inLanguage\":\"fr-FR\"},{\"@type\":\"WebPage\",\"@id\":\"https:\\\/\\\/www.maremmasanssouci.it\\\/fr\\\/camping-en-maremme\\\/camping-mer-en-juillet-et-aout-2\\\/\",\"url\":\"https:\\\/\\\/www.maremmasanssouci.it\\\/fr\\\/camping-en-maremme\\\/camping-mer-en-juillet-et-aout-2\\\/\",\"name\":\"Camping mer en juillet et ao\u00fbt - Maremma Sans Souci\",\"isPartOf\":{\"@id\":\"https:\\\/\\\/www.maremmasanssouci.it\\\/fr\\\/#website\"},\"primaryImageOfPage\":{\"@id\":\"https:\\\/\\\/www.maremmasanssouci.it\\\/fr\\\/camping-en-maremme\\\/camping-mer-en-juillet-et-aout-2\\\/#primaryimage\"},\"image\":{\"@id\":\"https:\\\/\\\/www.maremmasanssouci.it\\\/fr\\\/camping-en-maremme\\\/camping-mer-en-juillet-et-aout-2\\\/#primaryimage\"},\"thumbnailUrl\":\"https:\\\/\\\/www.maremmasanssouci.it\\\/wp-content\\\/uploads\\\/2025\\\/01\\\/spiaggia-privata-dallalto-30.jpg\",\"datePublished\":\"2016-11-02T23:00:00+00:00\",\"dateModified\":\"2025-11-18T09:24:43+00:00\",\"description\":\"Profitez de la c\u00f4te de la mer de la Toscane dans notre camping \u00e0 Castiglione della Pescaia, avec ses eaux cristallines et non pollu\u00e9es\",\"breadcrumb\":{\"@id\":\"https:\\\/\\\/www.maremmasanssouci.it\\\/fr\\\/camping-en-maremme\\\/camping-mer-en-juillet-et-aout-2\\\/#breadcrumb\"},\"inLanguage\":\"fr-FR\",\"potentialAction\":[{\"@type\":\"ReadAction\",\"target\":[\"https:\\\/\\\/www.maremmasanssouci.it\\\/fr\\\/camping-en-maremme\\\/camping-mer-en-juillet-et-aout-2\\\/\"]}]},{\"@type\":\"ImageObject\",\"inLanguage\":\"fr-FR\",\"@id\":\"https:\\\/\\\/www.maremmasanssouci.it\\\/fr\\\/camping-en-maremme\\\/camping-mer-en-juillet-et-aout-2\\\/#primaryimage\",\"url\":\"https:\\\/\\\/www.maremmasanssouci.it\\\/wp-content\\\/uploads\\\/2025\\\/01\\\/spiaggia-privata-dallalto-30.jpg\",\"contentUrl\":\"https:\\\/\\\/www.maremmasanssouci.it\\\/wp-content\\\/uploads\\\/2025\\\/01\\\/spiaggia-privata-dallalto-30.jpg\",\"width\":1200,\"height\":665},{\"@type\":\"BreadcrumbList\",\"@id\":\"https:\\\/\\\/www.maremmasanssouci.it\\\/fr\\\/camping-en-maremme\\\/camping-mer-en-juillet-et-aout-2\\\/#breadcrumb\",\"itemListElement\":[{\"@type\":\"ListItem\",\"position\":1,\"name\":\"Home\",\"item\":\"https:\\\/\\\/www.maremmasanssouci.it\\\/fr\\\/\"},{\"@type\":\"ListItem\",\"position\":2,\"name\":\"Camping mer en juillet et ao\u00fbt\"}]},{\"@type\":\"WebSite\",\"@id\":\"https:\\\/\\\/www.maremmasanssouci.it\\\/fr\\\/#website\",\"url\":\"https:\\\/\\\/www.maremmasanssouci.it\\\/fr\\\/\",\"name\":\"Maremma Sans Souci\",\"description\":\"Un soggiorno in campeggio a contatto con la natura a Castiglione della Pescaia. Tutto il comfort che cerchi nel cuore della Maremma, a due passi dal mare\",\"publisher\":{\"@id\":\"https:\\\/\\\/www.maremmasanssouci.it\\\/fr\\\/#organization\"},\"potentialAction\":[{\"@type\":\"SearchAction\",\"target\":{\"@type\":\"EntryPoint\",\"urlTemplate\":\"https:\\\/\\\/www.maremmasanssouci.it\\\/fr\\\/?s={search_term_string}\"},\"query-input\":{\"@type\":\"PropertyValueSpecification\",\"valueRequired\":true,\"valueName\":\"search_term_string\"}}],\"inLanguage\":\"fr-FR\"},{\"@type\":\"Organization\",\"@id\":\"https:\\\/\\\/www.maremmasanssouci.it\\\/fr\\\/#organization\",\"name\":\"Maremma Sans Souci\",\"url\":\"https:\\\/\\\/www.maremmasanssouci.it\\\/fr\\\/\",\"logo\":{\"@type\":\"ImageObject\",\"inLanguage\":\"fr-FR\",\"@id\":\"https:\\\/\\\/www.maremmasanssouci.it\\\/fr\\\/#\\\/schema\\\/logo\\\/image\\\/\",\"url\":\"https:\\\/\\\/www.maremmasanssouci.it\\\/wp-content\\\/uploads\\\/2025\\\/05\\\/logo-mobile-header-mss.svg\",\"contentUrl\":\"https:\\\/\\\/www.maremmasanssouci.it\\\/wp-content\\\/uploads\\\/2025\\\/05\\\/logo-mobile-header-mss.svg\",\"width\":2488,\"height\":750,\"caption\":\"Maremma Sans Souci\"},\"image\":{\"@id\":\"https:\\\/\\\/www.maremmasanssouci.it\\\/fr\\\/#\\\/schema\\\/logo\\\/image\\\/\"}},{\"@type\":\"Person\",\"@id\":\"https:\\\/\\\/www.maremmasanssouci.it\\\/fr\\\/#\\\/schema\\\/person\\\/a67d33e15d70f332e480eeab276b6f86\",\"name\":\"inconcreto\",\"sameAs\":[\"https:\\\/\\\/www.maremmasanssouci.it\"]}]}<\/script>\n<!-- \/ Yoast SEO plugin. -->","yoast_head_json":{"title":"Camping mer en juillet et ao\u00fbt - Maremma Sans Souci","description":"Profitez de la c\u00f4te de la mer de la Toscane dans notre camping \u00e0 Castiglione della Pescaia, avec ses eaux cristallines et non pollu\u00e9es","robots":{"index":"index","follow":"follow","max-snippet":"max-snippet:-1","max-image-preview":"max-image-preview:large","max-video-preview":"max-video-preview:-1"},"canonical":"https:\/\/www.maremmasanssouci.it\/fr\/camping-en-maremme\/camping-mer-en-juillet-et-aout-2\/","og_locale":"fr_FR","og_type":"article","og_title":"Camping mer en juillet et ao\u00fbt - Maremma Sans Souci","og_description":"Profitez de la c\u00f4te de la mer de la Toscane dans notre camping \u00e0 Castiglione della Pescaia, avec ses eaux cristallines et non pollu\u00e9es","og_url":"https:\/\/www.maremmasanssouci.it\/fr\/camping-en-maremme\/camping-mer-en-juillet-et-aout-2\/","og_site_name":"Maremma Sans Souci","article_published_time":"2016-11-02T23:00:00+00:00","article_modified_time":"2025-11-18T09:24:43+00:00","og_image":[{"width":1200,"height":665,"url":"https:\/\/www.maremmasanssouci.it\/wp-content\/uploads\/2025\/01\/spiaggia-privata-dallalto-30.jpg","type":"image\/jpeg"}],"author":"inconcreto","twitter_card":"summary_large_image","schema":{"@context":"https:\/\/schema.org","@graph":[{"@type":"Article","@id":"https:\/\/www.maremmasanssouci.it\/fr\/camping-en-maremme\/camping-mer-en-juillet-et-aout-2\/#article","isPartOf":{"@id":"https:\/\/www.maremmasanssouci.it\/fr\/camping-en-maremme\/camping-mer-en-juillet-et-aout-2\/"},"author":{"name":"inconcreto","@id":"https:\/\/www.maremmasanssouci.it\/fr\/#\/schema\/person\/a67d33e15d70f332e480eeab276b6f86"},"headline":"Camping mer en juillet et ao\u00fbt","datePublished":"2016-11-02T23:00:00+00:00","dateModified":"2025-11-18T09:24:43+00:00","mainEntityOfPage":{"@id":"https:\/\/www.maremmasanssouci.it\/fr\/camping-en-maremme\/camping-mer-en-juillet-et-aout-2\/"},"wordCount":283,"publisher":{"@id":"https:\/\/www.maremmasanssouci.it\/fr\/#organization"},"image":{"@id":"https:\/\/www.maremmasanssouci.it\/fr\/camping-en-maremme\/camping-mer-en-juillet-et-aout-2\/#primaryimage"},"thumbnailUrl":"https:\/\/www.maremmasanssouci.it\/wp-content\/uploads\/2025\/01\/spiaggia-privata-dallalto-30.jpg","articleSection":["Camping en Maremme"],"inLanguage":"fr-FR"},{"@type":"WebPage","@id":"https:\/\/www.maremmasanssouci.it\/fr\/camping-en-maremme\/camping-mer-en-juillet-et-aout-2\/","url":"https:\/\/www.maremmasanssouci.it\/fr\/camping-en-maremme\/camping-mer-en-juillet-et-aout-2\/","name":"Camping mer en juillet et ao\u00fbt - Maremma Sans Souci","isPartOf":{"@id":"https:\/\/www.maremmasanssouci.it\/fr\/#website"},"primaryImageOfPage":{"@id":"https:\/\/www.maremmasanssouci.it\/fr\/camping-en-maremme\/camping-mer-en-juillet-et-aout-2\/#primaryimage"},"image":{"@id":"https:\/\/www.maremmasanssouci.it\/fr\/camping-en-maremme\/camping-mer-en-juillet-et-aout-2\/#primaryimage"},"thumbnailUrl":"https:\/\/www.maremmasanssouci.it\/wp-content\/uploads\/2025\/01\/spiaggia-privata-dallalto-30.jpg","datePublished":"2016-11-02T23:00:00+00:00","dateModified":"2025-11-18T09:24:43+00:00","description":"Profitez de la c\u00f4te de la mer de la Toscane dans notre camping \u00e0 Castiglione della Pescaia, avec ses eaux cristallines et non pollu\u00e9es","breadcrumb":{"@id":"https:\/\/www.maremmasanssouci.it\/fr\/camping-en-maremme\/camping-mer-en-juillet-et-aout-2\/#breadcrumb"},"inLanguage":"fr-FR","potentialAction":[{"@type":"ReadAction","target":["https:\/\/www.maremmasanssouci.it\/fr\/camping-en-maremme\/camping-mer-en-juillet-et-aout-2\/"]}]},{"@type":"ImageObject","inLanguage":"fr-FR","@id":"https:\/\/www.maremmasanssouci.it\/fr\/camping-en-maremme\/camping-mer-en-juillet-et-aout-2\/#primaryimage","url":"https:\/\/www.maremmasanssouci.it\/wp-content\/uploads\/2025\/01\/spiaggia-privata-dallalto-30.jpg","contentUrl":"https:\/\/www.maremmasanssouci.it\/wp-content\/uploads\/2025\/01\/spiaggia-privata-dallalto-30.jpg","width":1200,"height":665},{"@type":"BreadcrumbList","@id":"https:\/\/www.maremmasanssouci.it\/fr\/camping-en-maremme\/camping-mer-en-juillet-et-aout-2\/#breadcrumb","itemListElement":[{"@type":"ListItem","position":1,"name":"Home","item":"https:\/\/www.maremmasanssouci.it\/fr\/"},{"@type":"ListItem","position":2,"name":"Camping mer en juillet et ao\u00fbt"}]},{"@type":"WebSite","@id":"https:\/\/www.maremmasanssouci.it\/fr\/#website","url":"https:\/\/www.maremmasanssouci.it\/fr\/","name":"Maremma Sans Souci","description":"Un soggiorno in campeggio a contatto con la natura a Castiglione della Pescaia. Tutto il comfort che cerchi nel cuore della Maremma, a due passi dal mare","publisher":{"@id":"https:\/\/www.maremmasanssouci.it\/fr\/#organization"},"potentialAction":[{"@type":"SearchAction","target":{"@type":"EntryPoint","urlTemplate":"https:\/\/www.maremmasanssouci.it\/fr\/?s={search_term_string}"},"query-input":{"@type":"PropertyValueSpecification","valueRequired":true,"valueName":"search_term_string"}}],"inLanguage":"fr-FR"},{"@type":"Organization","@id":"https:\/\/www.maremmasanssouci.it\/fr\/#organization","name":"Maremma Sans Souci","url":"https:\/\/www.maremmasanssouci.it\/fr\/","logo":{"@type":"ImageObject","inLanguage":"fr-FR","@id":"https:\/\/www.maremmasanssouci.it\/fr\/#\/schema\/logo\/image\/","url":"https:\/\/www.maremmasanssouci.it\/wp-content\/uploads\/2025\/05\/logo-mobile-header-mss.svg","contentUrl":"https:\/\/www.maremmasanssouci.it\/wp-content\/uploads\/2025\/05\/logo-mobile-header-mss.svg","width":2488,"height":750,"caption":"Maremma Sans Souci"},"image":{"@id":"https:\/\/www.maremmasanssouci.it\/fr\/#\/schema\/logo\/image\/"}},{"@type":"Person","@id":"https:\/\/www.maremmasanssouci.it\/fr\/#\/schema\/person\/a67d33e15d70f332e480eeab276b6f86","name":"inconcreto","sameAs":["https:\/\/www.maremmasanssouci.it"]}]}},"loftoceanMetas":{"authorName":"inconcreto","categories":[{"name":"Camping en Maremme","link":"https:\/\/www.maremmasanssouci.it\/fr\/category\/camping-en-maremme\/","count":20}],"date":"3 novembre 2016","featuredImageSRC":"https:\/\/www.maremmasanssouci.it\/wp-content\/uploads\/2025\/01\/spiaggia-privata-dallalto-30-150x150.jpg"},"_links":{"self":[{"href":"https:\/\/www.maremmasanssouci.it\/fr\/wp-json\/wp\/v2\/posts\/14383","targetHints":{"allow":["GET"]}}],"collection":[{"href":"https:\/\/www.maremmasanssouci.it\/fr\/wp-json\/wp\/v2\/posts"}],"about":[{"href":"https:\/\/www.maremmasanssouci.it\/fr\/wp-json\/wp\/v2\/types\/post"}],"author":[{"embeddable":true,"href":"https:\/\/www.maremmasanssouci.it\/fr\/wp-json\/wp\/v2\/users\/1"}],"replies":[{"embeddable":true,"href":"https:\/\/www.maremmasanssouci.it\/fr\/wp-json\/wp\/v2\/comments?post=14383"}],"version-history":[{"count":1,"href":"https:\/\/www.maremmasanssouci.it\/fr\/wp-json\/wp\/v2\/posts\/14383\/revisions"}],"predecessor-version":[{"id":16847,"href":"https:\/\/www.maremmasanssouci.it\/fr\/wp-json\/wp\/v2\/posts\/14383\/revisions\/16847"}],"wp:featuredmedia":[{"embeddable":true,"href":"https:\/\/www.maremmasanssouci.it\/fr\/wp-json\/wp\/v2\/media\/14870"}],"wp:attachment":[{"href":"https:\/\/www.maremmasanssouci.it\/fr\/wp-json\/wp\/v2\/media?parent=14383"}],"wp:term":[{"taxonomy":"category","embeddable":true,"href":"https:\/\/www.maremmasanssouci.it\/fr\/wp-json\/wp\/v2\/categories?post=14383"},{"taxonomy":"post_tag","embeddable":true,"href":"https:\/\/www.maremmasanssouci.it\/fr\/wp-json\/wp\/v2\/tags?post=14383"}],"curies":[{"name":"wp","href":"https:\/\/api.w.org\/{rel}","templated":true}]}}